{"id":4046,"date":"2025-01-07T15:52:51","date_gmt":"2025-01-07T18:52:51","guid":{"rendered":"https:\/\/rede4.contabilit.com.br\/ecoss\/2025\/01\/07\/3-perfis-de-empreendedores-qual-sera-que-mais-combina-com-voce\/"},"modified":"2025-01-07T15:52:51","modified_gmt":"2025-01-07T18:52:51","slug":"3-perfis-de-empreendedores-qual-sera-que-mais-combina-com-voce","status":"publish","type":"post","link":"https:\/\/rede4.contabilit.com.br\/ecoss\/2025\/01\/07\/3-perfis-de-empreendedores-qual-sera-que-mais-combina-com-voce\/","title":{"rendered":"3 perfis de empreendedores? Qual ser\u00e1 que mais combina com voc\u00ea?"},"content":{"rendered":"<p>O <strong>Perfil Empreendedor<\/strong> \u00e9 uma combina\u00e7\u00e3o \u00fanica de habilidades e tra\u00e7os que impulsionam o sucesso nos neg\u00f3cios.<\/p>\n<p>Compreender o que comp\u00f5e esse perfil \u00e9 fundamental para qualquer pessoa que deseja se aventurar no mundo do empreendedorismo.<\/p>\n<p>Neste artigo, vamos explorar as caracter\u00edsticas que definem um verdadeiro empreendedor, como voc\u00ea pode desenvolver esse perfil e a import\u00e2ncia dessa combina\u00e7\u00e3o no competitivo mercado atual.<\/p>\n<p>&nbsp;<\/p>\n<h2>O Vision\u00e1rio<\/h2>\n<p>O <strong>Vision\u00e1rio<\/strong> \u00e9 o tipo de empreendedor que antecipa tend\u00eancias e v\u00ea oportunidades onde outros apenas enxergam riscos.<\/p>\n<p>Esses indiv\u00edduos possuem uma vis\u00e3o clara do futuro e sonham grande. Eles n\u00e3o t\u00eam medo de assumir riscos calculados e est\u00e3o sempre em busca de inova\u00e7\u00f5es.<\/p>\n<p>Para se tornar um vision\u00e1rio, \u00e9 crucial cultivar a curiosidade e estar sempre aprendendo. Participar de eventos, ler livros e consumir conte\u00fado relevante s\u00e3o \u00f3timas formas de expandir seu conhecimento.<\/p>\n<p>Al\u00e9m disso, escutar insanamente as ideias dos outros pode ajudar a moldar uma vis\u00e3o ainda mais ampla do mercado.<\/p>\n<p>Esteja disposto a mudar sua perspectiva e adapte-se rapidamente \u00e0s novas circunst\u00e2ncias.<\/p>\n<h2>O Executor<\/h2>\n<p>O <strong>Executor<\/strong> \u00e9 aquele que faz as coisas acontecerem. Ele transforma ideias em a\u00e7\u00f5es concretas e busca sempre a execu\u00e7\u00e3o eficiente dos planos.<\/p>\n<p>Para ser um executor eficaz, \u00e9 fundamental ter habilidades de gest\u00e3o de tempo e de defini\u00e7\u00e3o de prioridades. Isso significa saber o que \u00e9 importante e urgente, e lidar com prazos de maneira organizada.<\/p>\n<p>O executor n\u00e3o fica apenas sonhando; ele faz um planejamento detalhado e divide grandes projetos em etapas menores, facilitando a realiza\u00e7\u00e3o.<\/p>\n<p>Al\u00e9m disso, \u00e9 crucial manter a motiva\u00e7\u00e3o da equipe. Um bom executor tamb\u00e9m estabelece metas claras e comunica progressos regularmente, garantindo que todos estejam alinhados e comprometidos com os objetivos.<\/p>\n<p>Portanto, para ter sucesso, a execu\u00e7\u00e3o deve ser t\u00e3o valorizada quanto a vis\u00e3o.<\/p>\n<h2>O Conector<\/h2>\n<p>O <strong>Conector<\/strong> \u00e9 a pe\u00e7a chave na rede de relacionamentos de um empreendedor. Este tipo de profissional tem a habilidade de unir pessoas, ideias e recursos de forma eficiente.<\/p>\n<p>Conectar-se com outras pessoas gera oportunidades e parcerias valiosas. Para ser um conector, \u00e9 importante desenvolver habilidades de comunica\u00e7\u00e3o e empatia. Ouvir ativamente e entender as necessidades dos outros s\u00e3o etapas essenciais.<\/p>\n<p>Al\u00e9m disso, participar de eventos de networking \u00e9 uma maneira excelente de expandir sua rede de contatos. Um bom conector tamb\u00e9m aproveita as redes sociais e plataformas digitais para construir relacionamentos duradouros.<\/p>\n<p>Ao se tornar uma ponte entre diferentes profissionais, voc\u00ea n\u00e3o apenas enriquece sua pr\u00f3pria experi\u00eancia, mas tamb\u00e9m contribui para o sucesso coletivo de todos ao seu redor.<\/p>\n<h2>Como ser um empreendedor na pr\u00e1tica<\/h2>\n<p>Para <strong>ser um empreendedor<\/strong> na pr\u00e1tica, \u00e9 vital entender alguns passos essenciais. Primeiro, fa\u00e7a uma pesquisa de mercado para identificar oportunidades e entender seu p\u00fablico-alvo. Conhecer seus concorrentes tamb\u00e9m \u00e9 importante, para que voc\u00ea possa diferenciar seu produto ou servi\u00e7o.<\/p>\n<p>Em seguida, elabore um <strong>plano de neg\u00f3cios<\/strong> que descreva sua vis\u00e3o, metas e estrat\u00e9gias. Um bom plano \u00e9 a base para captar recursos e orientar suas a\u00e7\u00f5es. Al\u00e9m disso, busque mentores e aprenda com experi\u00eancias de outros empreendedores.<\/p>\n<p>N\u00e3o subestime a import\u00e2ncia de construir uma rede de contatos; isso pode abrir portas e trazer colabora\u00e7\u00f5es valiosas. Ao iniciar, foque na qualidade do seu produto ou servi\u00e7o e adapte-se rapidamente ao feedback dos clientes.<\/p>\n<p>Com perseveran\u00e7a e disposto a aprender, voc\u00ea estar\u00e1 no caminho certo para o sucesso.<\/p>\n<h2>Em resumo, como se tornar um empreendedor de sucesso<\/h2>\n<p>Para se tornar um empreendedor de sucesso, \u00e9 essencial reunir as caracter\u00edsticas do <strong>vision\u00e1rio<\/strong>, <strong>executor<\/strong> e <strong>conector<\/strong>. Conhecer o mercado e seu p\u00fablico-alvo, definir metas claras e manter uma rede de contatos forte s\u00e3o pilares fundamentais da jornada empreendedora.<\/p>\n<p>Al\u00e9m disso, a pr\u00e1tica constante de <strong>aprendizado<\/strong> e <strong>adapta\u00e7\u00e3o<\/strong> \u00e9 vital. Empreender exige n\u00e3o s\u00f3 vis\u00e3o e execu\u00e7\u00e3o, mas tamb\u00e9m a capacidade de conectar pessoas e oportunidades. Ao reunir essas habilidades, voc\u00ea estar\u00e1 preparado para enfrentar desafios e aproveitar oportunidades que o mercado oferece.<\/p>\n","protected":false},"excerpt":{"rendered":"<p>Perfil Empreendedor \u00e9 essencial para alcan\u00e7ar o sucesso nos neg\u00f3cios.<\/p>\n","protected":false},"author":2,"featured_media":4047,"comment_status":"closed","ping_status":"closed","sticky":false,"template":"","format":"standard","meta":{"footnotes":""},"categories":[1],"tags":[],"class_list":["post-4046","post","type-post","status-publish","format-standard","has-post-thumbnail","hentry","category-sem-categoria"],"yoast_head":"<!-- This site is optimized with the Yoast SEO plugin v27.5 - https:\/\/yoast.com\/product\/yoast-seo-wordpress\/ -->\n<title>3 perfis de empreendedores? Qual ser\u00e1 que mais combina com voc\u00ea?<\/title>\n<meta name=\"description\" content=\"O Perfil Empreendedor \u00e9 uma combina\u00e7\u00e3o \u00fanica de habilidades e tra\u00e7os que impulsionam o sucesso nos neg\u00f3cios.\" \/>\n<meta name=\"robots\" content=\"noindex, follow, max-snippet:-1, max-image-preview:large, max-video-preview:-1\" \/>\n<meta property=\"og:locale\" content=\"pt_BR\" \/>\n<meta property=\"og:type\" content=\"article\" \/>\n<meta property=\"og:title\" content=\"3 perfis de empreendedores? Qual ser\u00e1 que mais combina com voc\u00ea?\" \/>\n<meta property=\"og:description\" content=\"O Perfil Empreendedor \u00e9 uma combina\u00e7\u00e3o \u00fanica de habilidades e tra\u00e7os que impulsionam o sucesso nos neg\u00f3cios.\" \/>\n<meta property=\"og:url\" content=\"https:\/\/rede4.contabilit.com.br\/ecoss\/2025\/01\/07\/3-perfis-de-empreendedores-qual-sera-que-mais-combina-com-voce\/\" \/>\n<meta property=\"og:site_name\" content=\"Ecoss Contabilidade\" \/>\n<meta property=\"article:published_time\" content=\"2025-01-07T18:52:51+00:00\" \/>\n<meta property=\"og:image\" content=\"https:\/\/rede4.contabilit.com.br\/ecoss\/wp-content\/uploads\/sites\/73\/2025\/01\/3-perfis-de-empreendedores-qual-sera-que-mais-combina-com-voce-1.jpg\" \/>\n\t<meta property=\"og:image:width\" content=\"1280\" \/>\n\t<meta property=\"og:image:height\" content=\"720\" \/>\n\t<meta property=\"og:image:type\" content=\"image\/jpeg\" \/>\n<meta name=\"author\" content=\"suporte\" \/>\n<meta name=\"twitter:card\" content=\"summary_large_image\" \/>\n<meta name=\"twitter:label1\" content=\"Escrito por\" \/>\n\t<meta name=\"twitter:data1\" content=\"suporte\" \/>\n\t<meta name=\"twitter:label2\" content=\"Est. tempo de leitura\" \/>\n\t<meta name=\"twitter:data2\" content=\"4 minutos\" \/>\n<script type=\"application\/ld+json\" class=\"yoast-schema-graph\">{\"@context\":\"https:\\\/\\\/schema.org\",\"@graph\":[{\"@type\":\"Article\",\"@id\":\"https:\\\/\\\/rede4.contabilit.com.br\\\/ecoss\\\/2025\\\/01\\\/07\\\/3-perfis-de-empreendedores-qual-sera-que-mais-combina-com-voce\\\/#article\",\"isPartOf\":{\"@id\":\"https:\\\/\\\/rede4.contabilit.com.br\\\/ecoss\\\/2025\\\/01\\\/07\\\/3-perfis-de-empreendedores-qual-sera-que-mais-combina-com-voce\\\/\"},\"author\":{\"name\":\"suporte\",\"@id\":\"https:\\\/\\\/rede4.contabilit.com.br\\\/ecoss\\\/#\\\/schema\\\/person\\\/b7dea2fddc6340dbd1a98383864decca\"},\"headline\":\"3 perfis de empreendedores? Qual ser\u00e1 que mais combina com voc\u00ea?\",\"datePublished\":\"2025-01-07T18:52:51+00:00\",\"mainEntityOfPage\":{\"@id\":\"https:\\\/\\\/rede4.contabilit.com.br\\\/ecoss\\\/2025\\\/01\\\/07\\\/3-perfis-de-empreendedores-qual-sera-que-mais-combina-com-voce\\\/\"},\"wordCount\":705,\"publisher\":{\"@id\":\"https:\\\/\\\/rede4.contabilit.com.br\\\/ecoss\\\/#organization\"},\"image\":{\"@id\":\"https:\\\/\\\/rede4.contabilit.com.br\\\/ecoss\\\/2025\\\/01\\\/07\\\/3-perfis-de-empreendedores-qual-sera-que-mais-combina-com-voce\\\/#primaryimage\"},\"thumbnailUrl\":\"https:\\\/\\\/rede4.contabilit.com.br\\\/ecoss\\\/wp-content\\\/uploads\\\/sites\\\/73\\\/2025\\\/01\\\/3-perfis-de-empreendedores-qual-sera-que-mais-combina-com-voce-1.jpg\",\"inLanguage\":\"pt-BR\"},{\"@type\":\"WebPage\",\"@id\":\"https:\\\/\\\/rede4.contabilit.com.br\\\/ecoss\\\/2025\\\/01\\\/07\\\/3-perfis-de-empreendedores-qual-sera-que-mais-combina-com-voce\\\/\",\"url\":\"https:\\\/\\\/rede4.contabilit.com.br\\\/ecoss\\\/2025\\\/01\\\/07\\\/3-perfis-de-empreendedores-qual-sera-que-mais-combina-com-voce\\\/\",\"name\":\"3 perfis de empreendedores? Qual ser\u00e1 que mais combina com voc\u00ea?\",\"isPartOf\":{\"@id\":\"https:\\\/\\\/rede4.contabilit.com.br\\\/ecoss\\\/#website\"},\"primaryImageOfPage\":{\"@id\":\"https:\\\/\\\/rede4.contabilit.com.br\\\/ecoss\\\/2025\\\/01\\\/07\\\/3-perfis-de-empreendedores-qual-sera-que-mais-combina-com-voce\\\/#primaryimage\"},\"image\":{\"@id\":\"https:\\\/\\\/rede4.contabilit.com.br\\\/ecoss\\\/2025\\\/01\\\/07\\\/3-perfis-de-empreendedores-qual-sera-que-mais-combina-com-voce\\\/#primaryimage\"},\"thumbnailUrl\":\"https:\\\/\\\/rede4.contabilit.com.br\\\/ecoss\\\/wp-content\\\/uploads\\\/sites\\\/73\\\/2025\\\/01\\\/3-perfis-de-empreendedores-qual-sera-que-mais-combina-com-voce-1.jpg\",\"datePublished\":\"2025-01-07T18:52:51+00:00\",\"description\":\"O Perfil Empreendedor \u00e9 uma combina\u00e7\u00e3o \u00fanica de habilidades e tra\u00e7os que impulsionam o sucesso nos neg\u00f3cios.\",\"breadcrumb\":{\"@id\":\"https:\\\/\\\/rede4.contabilit.com.br\\\/ecoss\\\/2025\\\/01\\\/07\\\/3-perfis-de-empreendedores-qual-sera-que-mais-combina-com-voce\\\/#breadcrumb\"},\"inLanguage\":\"pt-BR\",\"potentialAction\":[{\"@type\":\"ReadAction\",\"target\":[\"https:\\\/\\\/rede4.contabilit.com.br\\\/ecoss\\\/2025\\\/01\\\/07\\\/3-perfis-de-empreendedores-qual-sera-que-mais-combina-com-voce\\\/\"]}]},{\"@type\":\"ImageObject\",\"inLanguage\":\"pt-BR\",\"@id\":\"https:\\\/\\\/rede4.contabilit.com.br\\\/ecoss\\\/2025\\\/01\\\/07\\\/3-perfis-de-empreendedores-qual-sera-que-mais-combina-com-voce\\\/#primaryimage\",\"url\":\"https:\\\/\\\/rede4.contabilit.com.br\\\/ecoss\\\/wp-content\\\/uploads\\\/sites\\\/73\\\/2025\\\/01\\\/3-perfis-de-empreendedores-qual-sera-que-mais-combina-com-voce-1.jpg\",\"contentUrl\":\"https:\\\/\\\/rede4.contabilit.com.br\\\/ecoss\\\/wp-content\\\/uploads\\\/sites\\\/73\\\/2025\\\/01\\\/3-perfis-de-empreendedores-qual-sera-que-mais-combina-com-voce-1.jpg\",\"width\":1280,\"height\":720},{\"@type\":\"BreadcrumbList\",\"@id\":\"https:\\\/\\\/rede4.contabilit.com.br\\\/ecoss\\\/2025\\\/01\\\/07\\\/3-perfis-de-empreendedores-qual-sera-que-mais-combina-com-voce\\\/#breadcrumb\",\"itemListElement\":[{\"@type\":\"ListItem\",\"position\":1,\"name\":\"In\u00edcio\",\"item\":\"https:\\\/\\\/rede4.contabilit.com.br\\\/ecoss\\\/\"},{\"@type\":\"ListItem\",\"position\":2,\"name\":\"3 perfis de empreendedores? Qual ser\u00e1 que mais combina com voc\u00ea?\"}]},{\"@type\":\"WebSite\",\"@id\":\"https:\\\/\\\/rede4.contabilit.com.br\\\/ecoss\\\/#website\",\"url\":\"https:\\\/\\\/rede4.contabilit.com.br\\\/ecoss\\\/\",\"name\":\"Ecoss Contabilidade\",\"description\":\"Contabilidade no Rio de Janeiro\",\"publisher\":{\"@id\":\"https:\\\/\\\/rede4.contabilit.com.br\\\/ecoss\\\/#organization\"},\"potentialAction\":[{\"@type\":\"SearchAction\",\"target\":{\"@type\":\"EntryPoint\",\"urlTemplate\":\"https:\\\/\\\/rede4.contabilit.com.br\\\/ecoss\\\/?s={search_term_string}\"},\"query-input\":{\"@type\":\"PropertyValueSpecification\",\"valueRequired\":true,\"valueName\":\"search_term_string\"}}],\"inLanguage\":\"pt-BR\"},{\"@type\":\"Organization\",\"@id\":\"https:\\\/\\\/rede4.contabilit.com.br\\\/ecoss\\\/#organization\",\"name\":\"Ecoss Contabilidade\",\"url\":\"https:\\\/\\\/rede4.contabilit.com.br\\\/ecoss\\\/\",\"logo\":{\"@type\":\"ImageObject\",\"inLanguage\":\"pt-BR\",\"@id\":\"https:\\\/\\\/rede4.contabilit.com.br\\\/ecoss\\\/#\\\/schema\\\/logo\\\/image\\\/\",\"url\":\"https:\\\/\\\/rede4.contabilit.com.br\\\/ecoss\\\/wp-content\\\/uploads\\\/sites\\\/73\\\/2024\\\/11\\\/cropped-ecoss-logo-1-hor-black-e1732704723668.png\",\"contentUrl\":\"https:\\\/\\\/rede4.contabilit.com.br\\\/ecoss\\\/wp-content\\\/uploads\\\/sites\\\/73\\\/2024\\\/11\\\/cropped-ecoss-logo-1-hor-black-e1732704723668.png\",\"width\":1000,\"height\":285,\"caption\":\"Ecoss Contabilidade\"},\"image\":{\"@id\":\"https:\\\/\\\/rede4.contabilit.com.br\\\/ecoss\\\/#\\\/schema\\\/logo\\\/image\\\/\"}},{\"@type\":\"Person\",\"@id\":\"https:\\\/\\\/rede4.contabilit.com.br\\\/ecoss\\\/#\\\/schema\\\/person\\\/b7dea2fddc6340dbd1a98383864decca\",\"name\":\"suporte\",\"image\":{\"@type\":\"ImageObject\",\"inLanguage\":\"pt-BR\",\"@id\":\"https:\\\/\\\/secure.gravatar.com\\\/avatar\\\/fe1be94ee3fdfc601ddf4bedbaf467f09eebbe8ff9987930d321194a6b8f57ad?s=96&d=mm&r=g\",\"url\":\"https:\\\/\\\/secure.gravatar.com\\\/avatar\\\/fe1be94ee3fdfc601ddf4bedbaf467f09eebbe8ff9987930d321194a6b8f57ad?s=96&d=mm&r=g\",\"contentUrl\":\"https:\\\/\\\/secure.gravatar.com\\\/avatar\\\/fe1be94ee3fdfc601ddf4bedbaf467f09eebbe8ff9987930d321194a6b8f57ad?s=96&d=mm&r=g\",\"caption\":\"suporte\"},\"url\":\"https:\\\/\\\/rede4.contabilit.com.br\\\/ecoss\\\/author\\\/suporte\\\/\"}]}<\/script>\n<!-- \/ Yoast SEO plugin. -->","yoast_head_json":{"title":"3 perfis de empreendedores? Qual ser\u00e1 que mais combina com voc\u00ea?","description":"O Perfil Empreendedor \u00e9 uma combina\u00e7\u00e3o \u00fanica de habilidades e tra\u00e7os que impulsionam o sucesso nos neg\u00f3cios.","robots":{"index":"noindex","follow":"follow","max-snippet":"max-snippet:-1","max-image-preview":"max-image-preview:large","max-video-preview":"max-video-preview:-1"},"og_locale":"pt_BR","og_type":"article","og_title":"3 perfis de empreendedores? Qual ser\u00e1 que mais combina com voc\u00ea?","og_description":"O Perfil Empreendedor \u00e9 uma combina\u00e7\u00e3o \u00fanica de habilidades e tra\u00e7os que impulsionam o sucesso nos neg\u00f3cios.","og_url":"https:\/\/rede4.contabilit.com.br\/ecoss\/2025\/01\/07\/3-perfis-de-empreendedores-qual-sera-que-mais-combina-com-voce\/","og_site_name":"Ecoss Contabilidade","article_published_time":"2025-01-07T18:52:51+00:00","og_image":[{"width":1280,"height":720,"url":"https:\/\/rede4.contabilit.com.br\/ecoss\/wp-content\/uploads\/sites\/73\/2025\/01\/3-perfis-de-empreendedores-qual-sera-que-mais-combina-com-voce-1.jpg","type":"image\/jpeg"}],"author":"suporte","twitter_card":"summary_large_image","twitter_misc":{"Escrito por":"suporte","Est. tempo de leitura":"4 minutos"},"schema":{"@context":"https:\/\/schema.org","@graph":[{"@type":"Article","@id":"https:\/\/rede4.contabilit.com.br\/ecoss\/2025\/01\/07\/3-perfis-de-empreendedores-qual-sera-que-mais-combina-com-voce\/#article","isPartOf":{"@id":"https:\/\/rede4.contabilit.com.br\/ecoss\/2025\/01\/07\/3-perfis-de-empreendedores-qual-sera-que-mais-combina-com-voce\/"},"author":{"name":"suporte","@id":"https:\/\/rede4.contabilit.com.br\/ecoss\/#\/schema\/person\/b7dea2fddc6340dbd1a98383864decca"},"headline":"3 perfis de empreendedores? Qual ser\u00e1 que mais combina com voc\u00ea?","datePublished":"2025-01-07T18:52:51+00:00","mainEntityOfPage":{"@id":"https:\/\/rede4.contabilit.com.br\/ecoss\/2025\/01\/07\/3-perfis-de-empreendedores-qual-sera-que-mais-combina-com-voce\/"},"wordCount":705,"publisher":{"@id":"https:\/\/rede4.contabilit.com.br\/ecoss\/#organization"},"image":{"@id":"https:\/\/rede4.contabilit.com.br\/ecoss\/2025\/01\/07\/3-perfis-de-empreendedores-qual-sera-que-mais-combina-com-voce\/#primaryimage"},"thumbnailUrl":"https:\/\/rede4.contabilit.com.br\/ecoss\/wp-content\/uploads\/sites\/73\/2025\/01\/3-perfis-de-empreendedores-qual-sera-que-mais-combina-com-voce-1.jpg","inLanguage":"pt-BR"},{"@type":"WebPage","@id":"https:\/\/rede4.contabilit.com.br\/ecoss\/2025\/01\/07\/3-perfis-de-empreendedores-qual-sera-que-mais-combina-com-voce\/","url":"https:\/\/rede4.contabilit.com.br\/ecoss\/2025\/01\/07\/3-perfis-de-empreendedores-qual-sera-que-mais-combina-com-voce\/","name":"3 perfis de empreendedores? Qual ser\u00e1 que mais combina com voc\u00ea?","isPartOf":{"@id":"https:\/\/rede4.contabilit.com.br\/ecoss\/#website"},"primaryImageOfPage":{"@id":"https:\/\/rede4.contabilit.com.br\/ecoss\/2025\/01\/07\/3-perfis-de-empreendedores-qual-sera-que-mais-combina-com-voce\/#primaryimage"},"image":{"@id":"https:\/\/rede4.contabilit.com.br\/ecoss\/2025\/01\/07\/3-perfis-de-empreendedores-qual-sera-que-mais-combina-com-voce\/#primaryimage"},"thumbnailUrl":"https:\/\/rede4.contabilit.com.br\/ecoss\/wp-content\/uploads\/sites\/73\/2025\/01\/3-perfis-de-empreendedores-qual-sera-que-mais-combina-com-voce-1.jpg","datePublished":"2025-01-07T18:52:51+00:00","description":"O Perfil Empreendedor \u00e9 uma combina\u00e7\u00e3o \u00fanica de habilidades e tra\u00e7os que impulsionam o sucesso nos neg\u00f3cios.","breadcrumb":{"@id":"https:\/\/rede4.contabilit.com.br\/ecoss\/2025\/01\/07\/3-perfis-de-empreendedores-qual-sera-que-mais-combina-com-voce\/#breadcrumb"},"inLanguage":"pt-BR","potentialAction":[{"@type":"ReadAction","target":["https:\/\/rede4.contabilit.com.br\/ecoss\/2025\/01\/07\/3-perfis-de-empreendedores-qual-sera-que-mais-combina-com-voce\/"]}]},{"@type":"ImageObject","inLanguage":"pt-BR","@id":"https:\/\/rede4.contabilit.com.br\/ecoss\/2025\/01\/07\/3-perfis-de-empreendedores-qual-sera-que-mais-combina-com-voce\/#primaryimage","url":"https:\/\/rede4.contabilit.com.br\/ecoss\/wp-content\/uploads\/sites\/73\/2025\/01\/3-perfis-de-empreendedores-qual-sera-que-mais-combina-com-voce-1.jpg","contentUrl":"https:\/\/rede4.contabilit.com.br\/ecoss\/wp-content\/uploads\/sites\/73\/2025\/01\/3-perfis-de-empreendedores-qual-sera-que-mais-combina-com-voce-1.jpg","width":1280,"height":720},{"@type":"BreadcrumbList","@id":"https:\/\/rede4.contabilit.com.br\/ecoss\/2025\/01\/07\/3-perfis-de-empreendedores-qual-sera-que-mais-combina-com-voce\/#breadcrumb","itemListElement":[{"@type":"ListItem","position":1,"name":"In\u00edcio","item":"https:\/\/rede4.contabilit.com.br\/ecoss\/"},{"@type":"ListItem","position":2,"name":"3 perfis de empreendedores? Qual ser\u00e1 que mais combina com voc\u00ea?"}]},{"@type":"WebSite","@id":"https:\/\/rede4.contabilit.com.br\/ecoss\/#website","url":"https:\/\/rede4.contabilit.com.br\/ecoss\/","name":"Ecoss Contabilidade","description":"Contabilidade no Rio de Janeiro","publisher":{"@id":"https:\/\/rede4.contabilit.com.br\/ecoss\/#organization"},"potentialAction":[{"@type":"SearchAction","target":{"@type":"EntryPoint","urlTemplate":"https:\/\/rede4.contabilit.com.br\/ecoss\/?s={search_term_string}"},"query-input":{"@type":"PropertyValueSpecification","valueRequired":true,"valueName":"search_term_string"}}],"inLanguage":"pt-BR"},{"@type":"Organization","@id":"https:\/\/rede4.contabilit.com.br\/ecoss\/#organization","name":"Ecoss Contabilidade","url":"https:\/\/rede4.contabilit.com.br\/ecoss\/","logo":{"@type":"ImageObject","inLanguage":"pt-BR","@id":"https:\/\/rede4.contabilit.com.br\/ecoss\/#\/schema\/logo\/image\/","url":"https:\/\/rede4.contabilit.com.br\/ecoss\/wp-content\/uploads\/sites\/73\/2024\/11\/cropped-ecoss-logo-1-hor-black-e1732704723668.png","contentUrl":"https:\/\/rede4.contabilit.com.br\/ecoss\/wp-content\/uploads\/sites\/73\/2024\/11\/cropped-ecoss-logo-1-hor-black-e1732704723668.png","width":1000,"height":285,"caption":"Ecoss Contabilidade"},"image":{"@id":"https:\/\/rede4.contabilit.com.br\/ecoss\/#\/schema\/logo\/image\/"}},{"@type":"Person","@id":"https:\/\/rede4.contabilit.com.br\/ecoss\/#\/schema\/person\/b7dea2fddc6340dbd1a98383864decca","name":"suporte","image":{"@type":"ImageObject","inLanguage":"pt-BR","@id":"https:\/\/secure.gravatar.com\/avatar\/fe1be94ee3fdfc601ddf4bedbaf467f09eebbe8ff9987930d321194a6b8f57ad?s=96&d=mm&r=g","url":"https:\/\/secure.gravatar.com\/avatar\/fe1be94ee3fdfc601ddf4bedbaf467f09eebbe8ff9987930d321194a6b8f57ad?s=96&d=mm&r=g","contentUrl":"https:\/\/secure.gravatar.com\/avatar\/fe1be94ee3fdfc601ddf4bedbaf467f09eebbe8ff9987930d321194a6b8f57ad?s=96&d=mm&r=g","caption":"suporte"},"url":"https:\/\/rede4.contabilit.com.br\/ecoss\/author\/suporte\/"}]}},"_links":{"self":[{"href":"https:\/\/rede4.contabilit.com.br\/ecoss\/wp-json\/wp\/v2\/posts\/4046","targetHints":{"allow":["GET"]}}],"collection":[{"href":"https:\/\/rede4.contabilit.com.br\/ecoss\/wp-json\/wp\/v2\/posts"}],"about":[{"href":"https:\/\/rede4.contabilit.com.br\/ecoss\/wp-json\/wp\/v2\/types\/post"}],"author":[{"embeddable":true,"href":"https:\/\/rede4.contabilit.com.br\/ecoss\/wp-json\/wp\/v2\/users\/2"}],"replies":[{"embeddable":true,"href":"https:\/\/rede4.contabilit.com.br\/ecoss\/wp-json\/wp\/v2\/comments?post=4046"}],"version-history":[{"count":0,"href":"https:\/\/rede4.contabilit.com.br\/ecoss\/wp-json\/wp\/v2\/posts\/4046\/revisions"}],"wp:featuredmedia":[{"embeddable":true,"href":"https:\/\/rede4.contabilit.com.br\/ecoss\/wp-json\/wp\/v2\/media\/4047"}],"wp:attachment":[{"href":"https:\/\/rede4.contabilit.com.br\/ecoss\/wp-json\/wp\/v2\/media?parent=4046"}],"wp:term":[{"taxonomy":"category","embeddable":true,"href":"https:\/\/rede4.contabilit.com.br\/ecoss\/wp-json\/wp\/v2\/categories?post=4046"},{"taxonomy":"post_tag","embeddable":true,"href":"https:\/\/rede4.contabilit.com.br\/ecoss\/wp-json\/wp\/v2\/tags?post=4046"}],"curies":[{"name":"wp","href":"https:\/\/api.w.org\/{rel}","templated":true}]}}